{"id":6205,"date":"2024-01-27T11:52:22","date_gmt":"2024-01-27T10:52:22","guid":{"rendered":"https:\/\/krokkyjov.cz\/?p=6205"},"modified":"2026-03-11T14:27:34","modified_gmt":"2026-03-11T13:27:34","slug":"projekt-terapie-a-mediace-pro-rodiny","status":"publish","type":"post","link":"https:\/\/krokkyjov.cz\/index.php\/2024\/01\/27\/projekt-terapie-a-mediace-pro-rodiny\/","title":{"rendered":"Projekt terapie a mediace pro rodiny"},"content":{"rendered":"\t\t<div data-elementor-type=\"wp-post\" data-elementor-id=\"6205\" class=\"elementor elementor-6205\">\n\t\t\t\t<div class=\"elementor-element elementor-element-f27229f e-flex e-con-boxed wpr-particle-no wpr-jarallax-no wpr-parallax-no wpr-sticky-section-no wpr-equal-height-no e-con e-parent\" data-id=\"f27229f\" data-element_type=\"container\" data-e-type=\"container\">\n\t\t\t\t\t<div class=\"e-con-inner\">\n\t\t\t\t<div class=\"elementor-element elementor-element-389235c elementor-widget elementor-widget-image\" data-id=\"389235c\" data-element_type=\"widget\" data-e-type=\"widget\" data-widget_type=\"image.default\">\n\t\t\t\t<div class=\"elementor-widget-container\">\n\t\t\t\t\t\t\t\t\t\t\t\t\t\t\t<img fetchpriority=\"high\" decoding=\"async\" width=\"700\" height=\"144\" src=\"https:\/\/krokkyjov.cz\/wp-content\/uploads\/2024\/01\/afo-700x144-1.jpg\" class=\"attachment-large size-large wp-image-4966\" alt=\"\" srcset=\"https:\/\/krokkyjov.cz\/wp-content\/uploads\/2024\/01\/afo-700x144-1.jpg 700w, https:\/\/krokkyjov.cz\/wp-content\/uploads\/2024\/01\/afo-700x144-1-300x62.jpg 300w\" sizes=\"(max-width: 700px) 100vw, 700px\" \/>\t\t\t\t\t\t\t\t\t\t\t\t\t\t\t<\/div>\n\t\t\t\t<\/div>\n\t\t\t\t<div class=\"elementor-element elementor-element-29796e1 elementor-widget elementor-widget-text-editor\" data-id=\"29796e1\" data-element_type=\"widget\" data-e-type=\"widget\" data-widget_type=\"text-editor.default\">\n\t\t\t\t<div class=\"elementor-widget-container\">\n\t\t\t\t\t\t\t\t\t<p><strong>Registra\u010dn\u00ed \u010d\u00edslo projektu:<\/strong>\u00a0CZ.03.2.65\/0.0\/0.0\/16_047\/0010183<\/p><p><strong>Zah\u00e1jen\u00ed projektu:<\/strong>\u00a01. 4. 2019<\/p><p><strong>Ukon\u010den\u00ed projektu:<\/strong>\u00a031. 3. 2022<\/p><p><strong>C\u00edlov\u00e1 skupina:<\/strong>\u00a0Osoby ohro\u017een\u00e9 v\u00edcen\u00e1sobn\u00fdmi riziky, Rodi\u010de samo\u017eivitel\u00e9<\/p><p><strong>Glob\u00e1ln\u00edm c\u00edlem projektu je poskytnout komplexn\u00ed systematickou pomoc rodin\u011b a pos\u00edlit jej\u00ed zdrav\u00e9 fungov\u00e1n\u00ed.<\/strong><\/p><p>Projekt p\u0159edstavuje systematick\u00e9 \u0159e\u0161en\u00ed probl\u00e9mu v rodin\u011b formou odborn\u00e9 terapie a mediace. Jedn\u00e1 se p\u0159edev\u0161\u00edm o rodiny s d\u011btmi, kter\u00e9 se mohou ocitnout nebo se ocitaj\u00ed v ohro\u017een\u00ed. C\u00edlov\u00e1 skupina nem\u00e1 dostatek vlastn\u00edch zdroj\u016f a kompetenc\u00ed pro \u0159e\u0161en\u00ed probl\u00e9m\u016f, a proto selh\u00e1v\u00e1 ve v\u0161ech oblastech sv\u00e9ho \u017eivota.<\/p><p>Projekt reaguje na popt\u00e1vku c\u00edlov\u00e9 skupiny a dal\u0161\u00edch instituc\u00ed po\u00a0<strong>dostupn\u00e9 systematick\u00e9 pomoci a\u00a0podpo\u0159e rodiny v krizov\u00e9 a rizikov\u00e9 situaci.<\/strong>\u00a0V r\u00e1mci projektu bude nejd\u0159\u00edve vytvo\u0159ena a n\u00e1sledn\u011b ov\u011b\u0159ov\u00e1na metodika media\u010dn\u00ed a terapeutick\u00e9 pr\u00e1ce s rodinou. Aktivity projektu dopl\u0148uj\u00ed a navazuj\u00ed na poskytovan\u00e9 soci\u00e1ln\u00ed slu\u017eby Odborn\u00e9 soci\u00e1ln\u00ed poradenstv\u00ed a Soci\u00e1ln\u011b aktiviza\u010dn\u00ed slu\u017eby pro rodiny s\u00a0d\u011btmi.<\/p><p><strong>Aktivity projektu jsou:\u00a0<\/strong>Vytvo\u0159en\u00ed metodiky terapeutick\u00e9 a media\u010dn\u00ed pr\u00e1ce, Poskytov\u00e1n\u00ed mediace, terapie a\u00a0 skupinov\u00e1 terapie<\/p><h3><strong>Hlavn\u00ed c\u00edle projektu jsou:<\/strong><\/h3><p><strong>1)<\/strong>\u00a0Vytvo\u0159en\u00ed stabiln\u00ed odborn\u00e9 pomoci pro c\u00edlovou skupinu, kter\u00e1 bude dopl\u0148ovat nebo navazovat na<\/p><p>poskytovan\u00e9 soci\u00e1ln\u00ed slu\u017eby<\/p><p><strong>2)<\/strong>\u00a0Zpracov\u00e1n\u00ed metodiky terapeutick\u00e9 a media\u010dn\u00ed pr\u00e1ce a jej\u00ed ov\u011b\u0159ov\u00e1n\u00ed v r\u00e1mci projektu<\/p><p><strong>3)<\/strong>\u00a0Zv\u00fd\u0161en\u00ed kompetenc\u00ed c\u00edlov\u00e9 skupiny pro vlastn\u00ed rozhodov\u00e1n\u00ed<\/p><p><strong>4)<\/strong>\u00a0Podpora p\u0159i hled\u00e1n\u00ed vlastn\u00edch zdroj\u016f v\u00a0rodin\u011b<\/p><p><strong>5)<\/strong>\u00a0Podpora p\u0159i \u0159e\u0161en\u00ed konflikt\u016f c\u00edlov\u00e9 skupiny<\/p><p>\u00a0<\/p><p><strong>Projekt\u00a0<\/strong><strong>Terapie a mediace pro rodiny organizace je spolufinancov\u00e1n Evropskou uni\u00ed.<\/strong><\/p><p><a href=\"https:\/\/europa.eu\/european-union\/index_cs\"><strong>Evropsk\u00e1 unie<\/strong><\/a><\/p><p><strong><a href=\"https:\/\/www.esfcr.cz\/\">Evropsk\u00fd soci\u00e1ln\u00ed fond<\/a><\/strong><\/p><p><a href=\"https:\/\/www.esfcr.cz\/operacni-program-zamestnanost\"><strong>Opera\u010dn\u00ed program Zam\u011bstnanost<\/strong><\/a><\/p>\t\t\t\t\t\t\t\t<\/div>\n\t\t\t\t<\/div>\n\t\t\t\t\t<\/div>\n\t\t\t\t<\/div>\n\t\t\t\t<\/div>\n\t\t","protected":false},"excerpt":{"rendered":"<p>Registra\u010dn\u00ed \u010d\u00edslo projektu:\u00a0CZ.03.2.65\/0.0\/0.0\/16_047\/0010183 Zah\u00e1jen\u00ed projektu:\u00a01. 4. 2019 Ukon\u010den\u00ed projektu:\u00a031. 3. 2022 C\u00edlov\u00e1 skupina:\u00a0Osoby ohro\u017een\u00e9 v\u00edcen\u00e1sobn\u00fdmi riziky, Rodi\u010de samo\u017eivitel\u00e9 Glob\u00e1ln\u00edm c\u00edlem projektu je poskytnout komplexn\u00ed systematickou pomoc rodin\u011b a pos\u00edlit jej\u00ed zdrav\u00e9 fungov\u00e1n\u00ed. Projekt p\u0159edstavuje systematick\u00e9 \u0159e\u0161en\u00ed probl\u00e9mu v rodin\u011b formou odborn\u00e9 terapie a mediace. Jedn\u00e1 se p\u0159edev\u0161\u00edm o rodiny s d\u011btmi, kter\u00e9 se mohou ocitnout nebo se ocitaj\u00ed v ohro\u017een\u00ed. C\u00edlov\u00e1 skupina nem\u00e1 dostatek vlastn\u00edch zdroj\u016f a kompetenc\u00ed pro \u0159e\u0161en\u00ed probl\u00e9m\u016f, a proto selh\u00e1v\u00e1 ve v\u0161ech oblastech sv\u00e9ho \u017eivota. Projekt reaguje na popt\u00e1vku c\u00edlov\u00e9 skupiny a dal\u0161\u00edch instituc\u00ed po\u00a0dostupn\u00e9 systematick\u00e9 pomoci a\u00a0podpo\u0159e rodiny v krizov\u00e9 a rizikov\u00e9 situaci.\u00a0V r\u00e1mci projektu bude nejd\u0159\u00edve vytvo\u0159ena a n\u00e1sledn\u011b ov\u011b\u0159ov\u00e1na metodika media\u010dn\u00ed a terapeutick\u00e9 pr\u00e1ce s rodinou. Aktivity projektu dopl\u0148uj\u00ed a navazuj\u00ed na poskytovan\u00e9 soci\u00e1ln\u00ed slu\u017eby Odborn\u00e9 soci\u00e1ln\u00ed poradenstv\u00ed a Soci\u00e1ln\u011b aktiviza\u010dn\u00ed slu\u017eby pro rodiny s\u00a0d\u011btmi. Aktivity projektu jsou:\u00a0Vytvo\u0159en\u00ed metodiky terapeutick\u00e9 a media\u010dn\u00ed pr\u00e1ce, Poskytov\u00e1n\u00ed mediace, terapie a\u00a0 skupinov\u00e1 terapie Hlavn\u00ed c\u00edle projektu jsou: 1)\u00a0Vytvo\u0159en\u00ed stabiln\u00ed odborn\u00e9 pomoci pro c\u00edlovou skupinu, kter\u00e1 bude dopl\u0148ovat nebo navazovat na poskytovan\u00e9 soci\u00e1ln\u00ed slu\u017eby 2)\u00a0Zpracov\u00e1n\u00ed metodiky terapeutick\u00e9 a media\u010dn\u00ed pr\u00e1ce a jej\u00ed ov\u011b\u0159ov\u00e1n\u00ed v r\u00e1mci projektu 3)\u00a0Zv\u00fd\u0161en\u00ed kompetenc\u00ed c\u00edlov\u00e9 skupiny pro vlastn\u00ed rozhodov\u00e1n\u00ed 4)\u00a0Podpora p\u0159i hled\u00e1n\u00ed vlastn\u00edch zdroj\u016f v\u00a0rodin\u011b 5)\u00a0Podpora p\u0159i \u0159e\u0161en\u00ed konflikt\u016f c\u00edlov\u00e9 skupiny \u00a0 Projekt\u00a0Terapie a mediace pro rodiny organizace je spolufinancov\u00e1n Evropskou uni\u00ed. Evropsk\u00e1 unie Evropsk\u00fd soci\u00e1ln\u00ed fond Opera\u010dn\u00ed program Zam\u011bstnanost<\/p>\n","protected":false},"author":3,"featured_media":6185,"comment_status":"closed","ping_status":"open","sticky":false,"template":"","format":"standard","meta":{"site-sidebar-layout":"default","site-content-layout":"","ast-site-content-layout":"default","site-content-style":"default","site-sidebar-style":"default","ast-global-header-display":"","ast-banner-title-visibility":"","ast-main-header-display":"","ast-hfb-above-header-display":"","ast-hfb-below-header-display":"","ast-hfb-mobile-header-display":"","site-post-title":"","ast-breadcrumbs-content":"","ast-featured-img":"","footer-sml-layout":"","ast-disable-related-posts":"","theme-transparent-header-meta":"","adv-header-id-meta":"","stick-header-meta":"","header-above-stick-meta":"","header-main-stick-meta":"","header-below-stick-meta":"","astra-migrate-meta-layouts":"set","ast-page-background-enabled":"default","ast-page-background-meta":{"desktop":{"background-color":"var(--ast-global-color-4)","background-image":"","background-repeat":"repeat","background-position":"center center","background-size":"auto","background-attachment":"scroll","background-type":"","background-media":"","overlay-type":"","overlay-color":"","overlay-opacity":"","overlay-gradient":""},"tablet":{"background-color":"","background-image":"","background-repeat":"repeat","background-position":"center center","background-size":"auto","background-attachment":"scroll","background-type":"","background-media":"","overlay-type":"","overlay-color":"","overlay-opacity":"","overlay-gradient":""},"mobile":{"background-color":"","background-image":"","background-repeat":"repeat","background-position":"center center","background-size":"auto","background-attachment":"scroll","background-type":"","background-media":"","overlay-type":"","overlay-color":"","overlay-opacity":"","overlay-gradient":""}},"ast-content-background-meta":{"desktop":{"background-color":"var(--ast-global-color-5)","background-image":"","background-repeat":"repeat","background-position":"center center","background-size":"auto","background-attachment":"scroll","background-type":"","background-media":"","overlay-type":"","overlay-color":"","overlay-opacity":"","overlay-gradient":""},"tablet":{"background-color":"var(--ast-global-color-5)","background-image":"","background-repeat":"repeat","background-position":"center center","background-size":"auto","background-attachment":"scroll","background-type":"","background-media":"","overlay-type":"","overlay-color":"","overlay-opacity":"","overlay-gradient":""},"mobile":{"background-color":"var(--ast-global-color-5)","background-image":"","background-repeat":"repeat","background-position":"center center","background-size":"auto","background-attachment":"scroll","background-type":"","background-media":"","overlay-type":"","overlay-color":"","overlay-opacity":"","overlay-gradient":""}},"footnotes":""},"categories":[26],"tags":[],"class_list":["post-6205","post","type-post","status-publish","format-standard","has-post-thumbnail","hentry","category-projekty-uzavrene"],"_links":{"self":[{"href":"https:\/\/krokkyjov.cz\/index.php\/wp-json\/wp\/v2\/posts\/6205","targetHints":{"allow":["GET"]}}],"collection":[{"href":"https:\/\/krokkyjov.cz\/index.php\/wp-json\/wp\/v2\/posts"}],"about":[{"href":"https:\/\/krokkyjov.cz\/index.php\/wp-json\/wp\/v2\/types\/post"}],"author":[{"embeddable":true,"href":"https:\/\/krokkyjov.cz\/index.php\/wp-json\/wp\/v2\/users\/3"}],"replies":[{"embeddable":true,"href":"https:\/\/krokkyjov.cz\/index.php\/wp-json\/wp\/v2\/comments?post=6205"}],"version-history":[{"count":4,"href":"https:\/\/krokkyjov.cz\/index.php\/wp-json\/wp\/v2\/posts\/6205\/revisions"}],"predecessor-version":[{"id":6209,"href":"https:\/\/krokkyjov.cz\/index.php\/wp-json\/wp\/v2\/posts\/6205\/revisions\/6209"}],"wp:featuredmedia":[{"embeddable":true,"href":"https:\/\/krokkyjov.cz\/index.php\/wp-json\/wp\/v2\/media\/6185"}],"wp:attachment":[{"href":"https:\/\/krokkyjov.cz\/index.php\/wp-json\/wp\/v2\/media?parent=6205"}],"wp:term":[{"taxonomy":"category","embeddable":true,"href":"https:\/\/krokkyjov.cz\/index.php\/wp-json\/wp\/v2\/categories?post=6205"},{"taxonomy":"post_tag","embeddable":true,"href":"https:\/\/krokkyjov.cz\/index.php\/wp-json\/wp\/v2\/tags?post=6205"}],"curies":[{"name":"wp","href":"https:\/\/api.w.org\/{rel}","templated":true}]}}