{"id":6200,"date":"2024-01-27T11:51:16","date_gmt":"2024-01-27T10:51:16","guid":{"rendered":"https:\/\/krokkyjov.cz\/?p=6200"},"modified":"2026-03-11T14:35:46","modified_gmt":"2026-03-11T13:35:46","slug":"pomahame-rodinam-s-podporou-nadace-cez","status":"publish","type":"post","link":"https:\/\/krokkyjov.cz\/index.php\/2024\/01\/27\/pomahame-rodinam-s-podporou-nadace-cez\/","title":{"rendered":"Pom\u00e1h\u00e1me rodin\u00e1m \u2013 s podporou nadace \u010cEZ"},"content":{"rendered":"\t\t<div data-elementor-type=\"wp-post\" data-elementor-id=\"6200\" class=\"elementor elementor-6200\">\n\t\t\t\t<div class=\"elementor-element elementor-element-2fe404e e-flex e-con-boxed wpr-particle-no wpr-jarallax-no wpr-parallax-no wpr-sticky-section-no wpr-equal-height-no e-con e-parent\" data-id=\"2fe404e\" data-element_type=\"container\" data-e-type=\"container\">\n\t\t\t\t\t<div class=\"e-con-inner\">\n\t\t\t\t<div class=\"elementor-element elementor-element-6a115fc elementor-widget elementor-widget-image\" data-id=\"6a115fc\" data-element_type=\"widget\" data-e-type=\"widget\" data-widget_type=\"image.default\">\n\t\t\t\t<div class=\"elementor-widget-container\">\n\t\t\t\t\t\t\t\t\t\t\t\t\t\t\t<img decoding=\"async\" width=\"250\" height=\"64\" src=\"https:\/\/krokkyjov.cz\/wp-content\/uploads\/2024\/01\/eu-logo-250x64-1.png\" class=\"attachment-large size-large wp-image-5017\" alt=\"\" \/>\t\t\t\t\t\t\t\t\t\t\t\t\t\t\t<\/div>\n\t\t\t\t<\/div>\n\t\t\t\t<div class=\"elementor-element elementor-element-c522c0b elementor-widget elementor-widget-text-editor\" data-id=\"c522c0b\" data-element_type=\"widget\" data-e-type=\"widget\" data-widget_type=\"text-editor.default\">\n\t\t\t\t<div class=\"elementor-widget-container\">\n\t\t\t\t\t\t\t\t\t<p><strong>Projekt byl podpo\u0159en z\u00a0Nadace \u010cEZ.<\/strong><\/p><p><strong>V\u00fd\u0161e nada\u010dn\u00edho p\u0159\u00edsp\u011bvku<\/strong>: 70.000 K\u010d<\/p><p><strong>Doba realizace projektu:\u00a0<\/strong>14.10.2020 \u2013 14.10.2021<\/p><p>C\u00edlem projektu je zv\u00fd\u0161en\u00ed kvality poskytovan\u00e9 slu\u017eby \u201emediace\u201c. Pracovnice \u0159e\u0161\u00ed \u010dasto komplikovan\u00e9 media\u010dn\u00ed spory. V sou\u010dasn\u00e9 dob\u011b jsou schopny poskytovat mediaci dv\u011b vy\u0161kolen\u00e9 pracovnice, kter\u00e9 absolvovaly obecn\u00e9 kurzy mediace. Ukazuje se pot\u0159eba dal\u0161\u00edho dlouhodob\u011bj\u0161\u00edho vzd\u011bl\u00e1v\u00e1n\u00ed v oblasti rodinn\u00e9 mediace.<\/p><p><strong>V\u00a0pr\u016fb\u011bhu roku 2021 se dv\u011b pracovnice z\u00fa\u010dastnily 12 denn\u00edho v\u00fdcviku mediace.<\/strong>\u00a0V\u00fdcvik prob\u00edhal v\u00a0Olomouci a byl rozd\u011blen na teoretickou a praktickou \u010d\u00e1st v\u00a0celkov\u00e9m rozsahu 100 hodin v\u00a0n\u00e1sleduj\u00edc\u00edch term\u00ednech: I. d\u00edl\u00a0\u00a0\u00a0\u00a0 10.-12.9.\u00a02021,\u00a0\u00a0 II. d\u00edl\u00a0\u00a0\u00a0 24.-26.9. 2021, III.d\u00edl\u00a0\u00a0\u00a0 8.-10.10., IV.d\u00edl\u00a0\u00a0\u00a0 22.-24.10. (vzhledem ke covidov\u00e9 situaci nemohl v\u00fdcvik mediace prob\u011bhnout v\u00a0d\u0159\u00edve pl\u00e1novan\u00fdch term\u00ednech).<\/p><p>Teoretick\u00e1 \u010d\u00e1st byla v\u011bnov\u00e1na vysv\u011btlen\u00ed procesu mediace, roli a \u00fakol\u016fm medi\u00e1tora, p\u0159\u00edprav\u011b stran na mediaci a na v\u00fdstupy mediace. Pracovnice z\u00edskaly odpov\u011bdi na ot\u00e1zky: Co je to mediace? Jak\u00e9 jsou f\u00e1ze mediace? Kdy je mediace vhodn\u00e1\/nevhodn\u00e1? Jak\u00e9 spory je mo\u017en\u00e9 v\u00a0mediaci \u0159e\u0161it? Jak\u00fd je v\u00fdstup z\u00a0mediace?<\/p><p>V\u00a0praktick\u00e9 \u010d\u00e1sti se \u00fa\u010dastnice v\u00fdcviku v\u011bnovaly re\u00e1ln\u00fdm kauz\u00e1m z\u00a0mediace, vstupovaly \u00a0do role medi\u00e1tora a praktick\u00fdm n\u00e1cvikem si osvojovaly dovednosti k\u00a0veden\u00ed mediace.<\/p><p>D\u00edky projektu m\u00e1 organizace nyn\u00ed 3 pracovnice vy\u0161kolen\u00e9 v mediaci, co\u017e m\u00e1 jednak pozitivn\u00ed dopad na jejich zastupitelnost, ale tak\u00e9 na schopnost pokr\u00fdt popt\u00e1vku v\u0161ech z\u00fa\u010dastn\u011bn\u00fdch stran. Mediace pom\u00e1h\u00e1 zm\u00edr\u0148ovat dopady na d\u00edt\u011b z rozchodu rodi\u010d\u016f.<\/p>\t\t\t\t\t\t\t\t<\/div>\n\t\t\t\t<\/div>\n\t\t\t\t\t<\/div>\n\t\t\t\t<\/div>\n\t\t\t\t<\/div>\n\t\t","protected":false},"excerpt":{"rendered":"<p>Projekt byl podpo\u0159en z\u00a0Nadace \u010cEZ. V\u00fd\u0161e nada\u010dn\u00edho p\u0159\u00edsp\u011bvku: 70.000 K\u010d Doba realizace projektu:\u00a014.10.2020 \u2013 14.10.2021 C\u00edlem projektu je zv\u00fd\u0161en\u00ed kvality poskytovan\u00e9 slu\u017eby \u201emediace\u201c. Pracovnice \u0159e\u0161\u00ed \u010dasto komplikovan\u00e9 media\u010dn\u00ed spory. V sou\u010dasn\u00e9 dob\u011b jsou schopny poskytovat mediaci dv\u011b vy\u0161kolen\u00e9 pracovnice, kter\u00e9 absolvovaly obecn\u00e9 kurzy mediace. Ukazuje se pot\u0159eba dal\u0161\u00edho dlouhodob\u011bj\u0161\u00edho vzd\u011bl\u00e1v\u00e1n\u00ed v oblasti rodinn\u00e9 mediace. V\u00a0pr\u016fb\u011bhu roku 2021 se dv\u011b pracovnice z\u00fa\u010dastnily 12 denn\u00edho v\u00fdcviku mediace.\u00a0V\u00fdcvik prob\u00edhal v\u00a0Olomouci a byl rozd\u011blen na teoretickou a praktickou \u010d\u00e1st v\u00a0celkov\u00e9m rozsahu 100 hodin v\u00a0n\u00e1sleduj\u00edc\u00edch term\u00ednech: I. d\u00edl\u00a0\u00a0\u00a0\u00a0 10.-12.9.\u00a02021,\u00a0\u00a0 II. d\u00edl\u00a0\u00a0\u00a0 24.-26.9. 2021, III.d\u00edl\u00a0\u00a0\u00a0 8.-10.10., IV.d\u00edl\u00a0\u00a0\u00a0 22.-24.10. (vzhledem ke covidov\u00e9 situaci nemohl v\u00fdcvik mediace prob\u011bhnout v\u00a0d\u0159\u00edve pl\u00e1novan\u00fdch term\u00ednech). Teoretick\u00e1 \u010d\u00e1st byla v\u011bnov\u00e1na vysv\u011btlen\u00ed procesu mediace, roli a \u00fakol\u016fm medi\u00e1tora, p\u0159\u00edprav\u011b stran na mediaci a na v\u00fdstupy mediace. Pracovnice z\u00edskaly odpov\u011bdi na ot\u00e1zky: Co je to mediace? Jak\u00e9 jsou f\u00e1ze mediace? Kdy je mediace vhodn\u00e1\/nevhodn\u00e1? Jak\u00e9 spory je mo\u017en\u00e9 v\u00a0mediaci \u0159e\u0161it? Jak\u00fd je v\u00fdstup z\u00a0mediace? V\u00a0praktick\u00e9 \u010d\u00e1sti se \u00fa\u010dastnice v\u00fdcviku v\u011bnovaly re\u00e1ln\u00fdm kauz\u00e1m z\u00a0mediace, vstupovaly \u00a0do role medi\u00e1tora a praktick\u00fdm n\u00e1cvikem si osvojovaly dovednosti k\u00a0veden\u00ed mediace. D\u00edky projektu m\u00e1 organizace nyn\u00ed 3 pracovnice vy\u0161kolen\u00e9 v mediaci, co\u017e m\u00e1 jednak pozitivn\u00ed dopad na jejich zastupitelnost, ale tak\u00e9 na schopnost pokr\u00fdt popt\u00e1vku v\u0161ech z\u00fa\u010dastn\u011bn\u00fdch stran. Mediace pom\u00e1h\u00e1 zm\u00edr\u0148ovat dopady na d\u00edt\u011b z rozchodu rodi\u010d\u016f.<\/p>\n","protected":false},"author":3,"featured_media":0,"comment_status":"closed","ping_status":"open","sticky":false,"template":"","format":"standard","meta":{"site-sidebar-layout":"default","site-content-layout":"","ast-site-content-layout":"default","site-content-style":"default","site-sidebar-style":"default","ast-global-header-display":"","ast-banner-title-visibility":"","ast-main-header-display":"","ast-hfb-above-header-display":"","ast-hfb-below-header-display":"","ast-hfb-mobile-header-display":"","site-post-title":"","ast-breadcrumbs-content":"","ast-featured-img":"","footer-sml-layout":"","ast-disable-related-posts":"","theme-transparent-header-meta":"","adv-header-id-meta":"","stick-header-meta":"","header-above-stick-meta":"","header-main-stick-meta":"","header-below-stick-meta":"","astra-migrate-meta-layouts":"set","ast-page-background-enabled":"default","ast-page-background-meta":{"desktop":{"background-color":"var(--ast-global-color-4)","background-image":"","background-repeat":"repeat","background-position":"center center","background-size":"auto","background-attachment":"scroll","background-type":"","background-media":"","overlay-type":"","overlay-color":"","overlay-opacity":"","overlay-gradient":""},"tablet":{"background-color":"","background-image":"","background-repeat":"repeat","background-position":"center center","background-size":"auto","background-attachment":"scroll","background-type":"","background-media":"","overlay-type":"","overlay-color":"","overlay-opacity":"","overlay-gradient":""},"mobile":{"background-color":"","background-image":"","background-repeat":"repeat","background-position":"center center","background-size":"auto","background-attachment":"scroll","background-type":"","background-media":"","overlay-type":"","overlay-color":"","overlay-opacity":"","overlay-gradient":""}},"ast-content-background-meta":{"desktop":{"background-color":"var(--ast-global-color-5)","background-image":"","background-repeat":"repeat","background-position":"center center","background-size":"auto","background-attachment":"scroll","background-type":"","background-media":"","overlay-type":"","overlay-color":"","overlay-opacity":"","overlay-gradient":""},"tablet":{"background-color":"var(--ast-global-color-5)","background-image":"","background-repeat":"repeat","background-position":"center center","background-size":"auto","background-attachment":"scroll","background-type":"","background-media":"","overlay-type":"","overlay-color":"","overlay-opacity":"","overlay-gradient":""},"mobile":{"background-color":"var(--ast-global-color-5)","background-image":"","background-repeat":"repeat","background-position":"center center","background-size":"auto","background-attachment":"scroll","background-type":"","background-media":"","overlay-type":"","overlay-color":"","overlay-opacity":"","overlay-gradient":""}},"footnotes":""},"categories":[26],"tags":[],"class_list":["post-6200","post","type-post","status-publish","format-standard","hentry","category-projekty-uzavrene"],"_links":{"self":[{"href":"https:\/\/krokkyjov.cz\/index.php\/wp-json\/wp\/v2\/posts\/6200","targetHints":{"allow":["GET"]}}],"collection":[{"href":"https:\/\/krokkyjov.cz\/index.php\/wp-json\/wp\/v2\/posts"}],"about":[{"href":"https:\/\/krokkyjov.cz\/index.php\/wp-json\/wp\/v2\/types\/post"}],"author":[{"embeddable":true,"href":"https:\/\/krokkyjov.cz\/index.php\/wp-json\/wp\/v2\/users\/3"}],"replies":[{"embeddable":true,"href":"https:\/\/krokkyjov.cz\/index.php\/wp-json\/wp\/v2\/comments?post=6200"}],"version-history":[{"count":10,"href":"https:\/\/krokkyjov.cz\/index.php\/wp-json\/wp\/v2\/posts\/6200\/revisions"}],"predecessor-version":[{"id":8003,"href":"https:\/\/krokkyjov.cz\/index.php\/wp-json\/wp\/v2\/posts\/6200\/revisions\/8003"}],"wp:attachment":[{"href":"https:\/\/krokkyjov.cz\/index.php\/wp-json\/wp\/v2\/media?parent=6200"}],"wp:term":[{"taxonomy":"category","embeddable":true,"href":"https:\/\/krokkyjov.cz\/index.php\/wp-json\/wp\/v2\/categories?post=6200"},{"taxonomy":"post_tag","embeddable":true,"href":"https:\/\/krokkyjov.cz\/index.php\/wp-json\/wp\/v2\/tags?post=6200"}],"curies":[{"name":"wp","href":"https:\/\/api.w.org\/{rel}","templated":true}]}}